{"id":856,"date":"2026-03-29T08:54:20","date_gmt":"2026-03-29T07:54:20","guid":{"rendered":"https:\/\/kleingarten-buergerfeld-dessau.de\/cms\/?p=856"},"modified":"2026-03-29T08:54:21","modified_gmt":"2026-03-29T07:54:21","slug":"einladung-mitgliederversammlung-2024","status":"publish","type":"post","link":"https:\/\/kleingarten-buergerfeld-dessau.de\/cms\/einladung-mitgliederversammlung-2024\/","title":{"rendered":"Einladung Mitgliederversammlung"},"content":{"rendered":"\n<p>Wir laden alle Mitglieder des KGV B\u00fcrgerfeld e.V. zur Teilname an der Mitgliederversammlung 2026 am Freitag, 24.04.2026 um 18 Uhr in unserem Vereinsheim ein.<\/p>\n\n\n\n<p>Wahlvorschl\u00e4ge f\u00fcr den Vorsitzenden und den stellvertretenden Vorsitzenden sind bis zum 10.04.2026 schriftlich \u00fcber den Vereinsbriefkasten einzureichen.<\/p>\n\n\n\n<p><strong>Versammlungsablauf:<\/strong><\/p>\n\n\n\n<ul class=\"wp-block-list\">\n<li>Gesch\u00e4ftsbericht<\/li>\n\n\n\n<li>Kassenbericht<\/li>\n\n\n\n<li>Revisionsbericht<\/li>\n\n\n\n<li>Aussprache zu den Berichten<\/li>\n\n\n\n<li>Beschlussfassung\n<ul class=\"wp-block-list\">\n<li>\u00c4nderung der Ruhezeiten<\/li>\n\n\n\n<li>\u00c4nderung der zeiten zum befahren der Anlage<\/li>\n\n\n\n<li>Mitgliedschaft private Reihe<\/li>\n\n\n\n<li>Beschluss f\u00fcr Installation Stromz\u00e4hler mit R\u00fccklaufsperre bei Betrieb einer PV-Anlage<\/li>\n<\/ul>\n<\/li>\n\n\n\n<li>Nachwahl des Vorsitzenden und den stellvertretenden Vorsitzenden<\/li>\n<\/ul>\n\n\n\n<p>Die Teilnahme nur f\u00fcr Mitglieder und Zweitmitglieder!<\/p>\n\n\n\n<p>Der Vorstand<\/p>\n","protected":false},"excerpt":{"rendered":"<p>Wir laden alle Mitglieder des KGV B\u00fcrgerfeld e.V. zur Teilname an der Mitgliederversammlung 2026 am Freitag, 24.04.2026 um 18 Uhr in unserem Vereinsheim ein. Wahlvorschl\u00e4ge f\u00fcr den Vorsitzenden und den stellvertretenden Vorsitzenden sind bis zum 10.04.2026 schriftlich \u00fcber den Vereinsbriefkasten einzureichen. Versammlungsablauf: Die Teilnahme nur f\u00fcr Mitglieder und Zweitmitglieder! Der Vorstand<\/p>\n","protected":false},"author":1,"featured_media":0,"comment_status":"open","ping_status":"open","sticky":false,"template":"","format":"standard","meta":{"footnotes":""},"categories":[1],"tags":[],"class_list":["post-856","post","type-post","status-publish","format-standard","hentry","category-uncategorized"],"_links":{"self":[{"href":"https:\/\/kleingarten-buergerfeld-dessau.de\/cms\/wp-json\/wp\/v2\/posts\/856","targetHints":{"allow":["GET"]}}],"collection":[{"href":"https:\/\/kleingarten-buergerfeld-dessau.de\/cms\/wp-json\/wp\/v2\/posts"}],"about":[{"href":"https:\/\/kleingarten-buergerfeld-dessau.de\/cms\/wp-json\/wp\/v2\/types\/post"}],"author":[{"embeddable":true,"href":"https:\/\/kleingarten-buergerfeld-dessau.de\/cms\/wp-json\/wp\/v2\/users\/1"}],"replies":[{"embeddable":true,"href":"https:\/\/kleingarten-buergerfeld-dessau.de\/cms\/wp-json\/wp\/v2\/comments?post=856"}],"version-history":[{"count":17,"href":"https:\/\/kleingarten-buergerfeld-dessau.de\/cms\/wp-json\/wp\/v2\/posts\/856\/revisions"}],"predecessor-version":[{"id":1120,"href":"https:\/\/kleingarten-buergerfeld-dessau.de\/cms\/wp-json\/wp\/v2\/posts\/856\/revisions\/1120"}],"wp:attachment":[{"href":"https:\/\/kleingarten-buergerfeld-dessau.de\/cms\/wp-json\/wp\/v2\/media?parent=856"}],"wp:term":[{"taxonomy":"category","embeddable":true,"href":"https:\/\/kleingarten-buergerfeld-dessau.de\/cms\/wp-json\/wp\/v2\/categories?post=856"},{"taxonomy":"post_tag","embeddable":true,"href":"https:\/\/kleingarten-buergerfeld-dessau.de\/cms\/wp-json\/wp\/v2\/tags?post=856"}],"curies":[{"name":"wp","href":"https:\/\/api.w.org\/{rel}","templated":true}]}}